{"id":11,"date":"2026-08-10T07:44:31","date_gmt":"2026-08-10T07:44:31","guid":{"rendered":"https:\/\/tourneradroite.fr\/mag\/boutique-meubles-decoration\/"},"modified":"2026-08-10T07:44:31","modified_gmt":"2026-08-10T07:44:31","slug":"boutique-meubles-decoration","status":"publish","type":"post","link":"https:\/\/tourneradroite.fr\/mag\/boutique-meubles-decoration\/","title":{"rendered":"D\u00e9couvrez notre boutique en ligne de meubles et d\u00e9coration"},"content":{"rendered":"<p class=\"wp-block-paragraph\">Vous pensez renouer avec l\u2019ennui d\u00e8s que vous franchissez le seuil de votre int\u00e9rieur ? D\u00e9trompez-vous, 2026 promet un v\u00e9ritable coup de balai dans l\u2019ordinaire avec les derni\u00e8res tendances en mobilier et d\u00e9coration. Votre maison n\u2019est plus un simple lieu de vie, mais une sc\u00e8ne o\u00f9 s\u2019exprime un design int\u00e9rieur audacieux, une qu\u00eate de confort et une s\u00e9lection minutieuse de meubles griff\u00e9s d\u2019originalit\u00e9. Oubliez la monotonie : aujourd\u2019hui, chaque pi\u00e8ce de votre chez-vous peut devenir la star d\u2019un d\u00e9cor ing\u00e9nieux, taill\u00e9 sur mesure pour qui ose. Ce ne sont pas simplement des objets que vous choisirez, mais une exp\u00e9rience, une vibrante promenade au c\u0153ur d\u2019un ameublement qui refuse la m\u00e9diocrit\u00e9 et revendique un style bien tremp\u00e9. Plus qu\u2019une boutique en ligne, c\u2019est un laboratoire d\u2019id\u00e9es et d\u2019\u00e9motions \u00e0 adopter pour m\u00e9tamorphoser votre habitat.<\/p>\n\n<p class=\"wp-block-paragraph\">En bref :<\/p>\n\n<ul class=\"wp-block-list\"><li><strong>Mobilier pens\u00e9 pour tous les styles<\/strong> : confort, design et fonctionnalit\u00e9 se conjuguent dans des collections sur-mesure.<\/li><li><strong>D\u00e9coration raffin\u00e9e made in France<\/strong> pour un int\u00e9rieur \u00e0 la fois unique et responsable.<\/li><li><strong>Des coups de c\u0153ur tendances<\/strong> qui insufflent charme et modernit\u00e9 sans chambouler votre espace.<\/li><li><strong>Focus sur le confort et le style<\/strong> : des pi\u00e8ces s\u00e9lectionn\u00e9es pour transformer votre chambre en temple de bien-\u00eatre.<\/li><li><strong>Des th\u00e8mes saisonniers et ambiances pr\u00eates \u00e0 l\u2019emploi<\/strong> pour ne jamais vous lasser de votre d\u00e9cor.<\/li><li><strong>Un acc\u00e8s direct \u00e0 la boutique en ligne<\/strong> qui facilite la conqu\u00eate de votre nouveau style int\u00e9rieur \u2014 <a href=\"https:\/\/www.westwing.fr\/\">cliquez ici<\/a>.<\/li><\/ul>\n\n<h2 class=\"wp-block-heading\">Mobilier et d\u00e9coration : la nouvelle \u00e8re du style et du confort \u00e0 port\u00e9e de clic<\/h2>\n\n<p class=\"wp-block-paragraph\">\u00c0 l\u2019heure o\u00f9 la banalit\u00e9 r\u00e8gne encore dans beaucoup d\u2019int\u00e9rieurs, notre boutique en ligne joue les rebelles affichant fi\u00e8rement une s\u00e9lection audacieuse et exclusive de meubles et d\u2019objets d\u00e9co. Ici, le design int\u00e9rieur n\u2019est plus r\u00e9serv\u00e9 aux initi\u00e9s mais devient un terrain d\u2019exp\u00e9rimentation pour tous. Qu\u2019importe que vous soyez adepte du minimalisme nordique ou amateur des ambiances cosy, chaque pi\u00e8ce de mobilier propose une alliance parfaite entre esth\u00e9tique et praticit\u00e9. Cette qu\u00eate de l&rsquo;\u00e9quilibre est d\u2019autant plus marqu\u00e9e que la production europ\u00e9enne, notamment fran\u00e7aise, s\u2019impose avec ses standards d\u2019excellence, offrant une qualit\u00e9 irr\u00e9prochable pour un ameublement durable.<\/p>\n\n<p class=\"wp-block-paragraph\">Animons votre espace de vie avec des collections inspir\u00e9es, pens\u00e9es pour chaque pi\u00e8ce :<\/p>\n\n<ul class=\"wp-block-list\"><li><strong>Salon<\/strong> : canap\u00e9s enveloppants, fauteuils aux lignes pr\u00e9cises et tables au design innovant.<\/li><li><strong>Salle \u00e0 manger<\/strong> : meubles robustes aux finitions soign\u00e9es pour accueillir +\/- d\u2019invit\u00e9s, mais toujours avec chic.<\/li><li><strong>Chambre<\/strong> : literie gourmande de confort et armoires fonctionnelles pour un refuge digne d\u2019un h\u00f4tel 5 \u00e9toiles.<\/li><li><strong>Bureau<\/strong> : mobilier ergonomique pour conjuguer efficacit\u00e9 et esth\u00e9tisme.<\/li><\/ul>\n\n<figure class=\"wp-block-image size-full\"><img loading=\"lazy\" decoding=\"async\" width=\"1402\" height=\"1122\" src=\"https:\/\/tourneradroite.fr\/mag\/wp-content\/uploads\/2026\/08\/Decouvrez-notre-boutique-en-ligne-de-meubles-et-decoration-1.jpg\" alt=\"d\u00e9couvrez notre boutique en ligne de meubles et d\u00e9coration pour embellir votre int\u00e9rieur avec des styles uniques et tendances, adapt\u00e9s \u00e0 tous les go\u00fbts et budgets.\" class=\"wp-image-10\" srcset=\"https:\/\/tourneradroite.fr\/mag\/wp-content\/uploads\/2026\/08\/Decouvrez-notre-boutique-en-ligne-de-meubles-et-decoration-1.jpg 1402w, https:\/\/tourneradroite.fr\/mag\/wp-content\/uploads\/2026\/08\/Decouvrez-notre-boutique-en-ligne-de-meubles-et-decoration-1-300x240.jpg 300w, https:\/\/tourneradroite.fr\/mag\/wp-content\/uploads\/2026\/08\/Decouvrez-notre-boutique-en-ligne-de-meubles-et-decoration-1-1024x819.jpg 1024w, https:\/\/tourneradroite.fr\/mag\/wp-content\/uploads\/2026\/08\/Decouvrez-notre-boutique-en-ligne-de-meubles-et-decoration-1-768x615.jpg 768w\" sizes=\"auto, (max-width: 1402px) 100vw, 1402px\" \/><\/figure>\n\n<h3 class=\"wp-block-heading\">Des coups de c\u0153ur d\u00e9co pour r\u00e9veiller votre int\u00e9rieur sans le saturer<\/h3>\n\n<p class=\"wp-block-paragraph\">Les classiques jouent les invisibles quand la tendance r\u00e9clame audace et petites touches qui font mouche. Notre s\u00e9lection de d\u00e9co est une d\u00e9claration de guerre contre la fadeur. L\u2019astuce ? Des accessoires choisis avec un \u0153il affut\u00e9 qui sait marier originalit\u00e9, fonction et durabilit\u00e9. Que ce soit un luminaire sculptural, un tapis aux motifs audacieux, ou encore des objets d\u2019art artisanaux, vos espaces respirent un souffle nouveau, avec \u00e9l\u00e9gance et caract\u00e8re. C\u2019est ce d\u00e9tail qui transforme votre habitat en v\u00e9ritable \u0153uvre o\u00f9 le moindre \u00e9l\u00e9ment a son importance, o\u00f9 chaque coin a son histoire \u00e0 raconter.<\/p>\n\n<figure class=\"is-provider-youtube is-type-video wp-block-embed wp-block-embed-youtube wp-embed-aspect-16-9 wp-has-aspect-ratio\"><div class=\"wp-block-embed__wrapper\">\nhttps:\/\/www.youtube.com\/watch?v=Gg2ziALktC8\n<\/div><\/figure>\n\n<h2 class=\"wp-block-heading\">Une d\u00e9coration responsable qui ne sacrifie ni le style ni la qualit\u00e9<\/h2>\n\n<p class=\"wp-block-paragraph\">La prise de conscience environnementale ne se cantonne plus \u00e0 quelques niches : elle infiltre chaque \u00e9tape de la cha\u00eene du mobilier et de la d\u00e9coration. Chez Fly et d\u2019autres acteurs europ\u00e9ens, on ne brade pas les valeurs sous le couvert de la mode. Le savoir-faire local, le choix de mat\u00e9riaux nobles et durables, la fabrication raisonn\u00e9e sont d\u00e9sormais les ma\u00eetres mots qui r\u00e9gissent la boutique en ligne. La beaut\u00e9 d\u2019un meuble s\u2019exprime \u00e0 travers son histoire et sa provenance, un gage de p\u00e9rennit\u00e9 contrastant avec la consommation effr\u00e9n\u00e9e de l\u2019instantan\u00e9. Mettre un terme au jetable devient un acte chic, revendiqu\u00e9, qui invite \u00e0 reconsid\u00e9rer notre rapport \u00e0 nos int\u00e9rieurs.<\/p>\n\n<figure class=\"wp-block-table\"><table>\n<thead>\n<tr>\n<th>Avantages<\/th>\n<th>Caract\u00e9ristiques<\/th>\n<th>Impact<\/th>\n<\/tr>\n<\/thead>\n<tbody>\n<tr>\n<td>Qualit\u00e9 sup\u00e9rieure<\/td>\n<td>Fabrication locale et mat\u00e9riaux durables<\/td>\n<td>Durabilit\u00e9 et r\u00e9sistance accrues<\/td>\n<\/tr>\n<tr>\n<td>Design innovant<\/td>\n<td>Collaboration avec designers europ\u00e9ens<\/td>\n<td>Esth\u00e9tique moderne et fonctionnelle<\/td>\n<\/tr>\n<tr>\n<td>Responsabilit\u00e9 environnementale<\/td>\n<td>Processus de production \u00e9co-responsables<\/td>\n<td>R\u00e9duction de l\u2019empreinte carbone<\/td>\n<\/tr>\n<\/tbody>\n<\/table><\/figure>\n\n<h3 class=\"wp-block-heading\">Le confort comme socle d\u2019un style unique dans votre chambre<\/h3>\n\n<p class=\"wp-block-paragraph\">Ce n\u2019est pas qu\u2019une chambre, c\u2019est le sanctuaire de vos nuits et le th\u00e9\u00e2tre de votre renaissance quotidienne. La boutique propose une synergie rare entre collections de literie expertement con\u00e7ues et meubles d\u2019appoint qui jouent la carte de l\u2019harmonie, jusqu\u2019au dernier recoin. L\u2019accent est mis sur la qualit\u00e9 du sommeil, parce qu\u2019un int\u00e9rieur styl\u00e9 sans confort ne vaut rien. Ce m\u00e9lange de praticit\u00e9 et de raffinement cr\u00e9e un style personnalis\u00e9 o\u00f9 vous avez le dernier mot pour faire de votre espace une signature unique.<\/p>\n\n<figure class=\"is-provider-youtube is-type-video wp-block-embed wp-block-embed-youtube wp-embed-aspect-16-9 wp-has-aspect-ratio\"><div class=\"wp-block-embed__wrapper\">\n<iframe loading=\"lazy\" title=\"D\u00e9couvrez \ud83d\udc4d Atmosph\u00e8re D\u00e9co \ud83d\ude0d , 1er Home Concept Store \ud83c\udfe1 au Centre Commercial Village de Jarry\" width=\"500\" height=\"281\" src=\"https:\/\/www.youtube.com\/embed\/XTnc24hjWTU?feature=oembed\" frameborder=\"0\" allow=\"accelerometer; autoplay; clipboard-write; encrypted-media; gyroscope; picture-in-picture; web-share\" referrerpolicy=\"strict-origin-when-cross-origin\" allowfullscreen><\/iframe>\n<\/div><\/figure>\n\n<h2 class=\"wp-block-heading\">Des ambiances pr\u00eates \u00e0 vivre pour chaque pi\u00e8ce de la maison<\/h2>\n\n<p class=\"wp-block-paragraph\">Pourquoi perdre du temps \u00e0 imaginer quand votre boutique en ligne vous propose tout pr\u00eat \u00e0 adopter ? Que ce soit une ambiance cocooning \u00e0 l\u2019approche des saisons froides ou un d\u00e9cor f\u00e9\u00e9rique pour un No\u00ebl qui se veut magique, la s\u00e9lection de 2026 vous pousse \u00e0 passer \u00e0 l\u2019action. Voici quelques th\u00e9matiques qui feront mouche, quelle que soit la pi\u00e8ce choisie :<\/p>\n\n<ul class=\"wp-block-list\"><li><strong>Entr\u00e9e fonctionnelle<\/strong> : astuces pour allier praticit\u00e9 et accueil chaleureux.<\/li><li><strong>Salon contemporain<\/strong> : les indispensables pour un espace de vie \u00e0 votre image.<\/li><li><strong>Salle \u00e0 manger conviviale<\/strong> : mobilier au design \u00e9pur\u00e9 pour des soir\u00e9es r\u00e9ussies.<\/li><li><strong>Chambre relaxante<\/strong> : literie de r\u00eave et meubles assortis pour un confort in\u00e9gal\u00e9.<\/li><\/ul>\n\n<p class=\"wp-block-paragraph\">Pr\u00eat \u00e0 sauter le pas ? Pour d\u00e9couvrir toutes ces merveilles et red\u00e9finir votre int\u00e9rieur, <a href=\"https:\/\/www.westwing.fr\/\">cliquez ici<\/a> pour explorer la boutique en ligne incontournable o\u00f9 ameublement et d\u00e9cor se conjuguent pour votre plaisir.<\/p>\n\n<script type=\"application\/ld+json\">\n{\"@context\":\"https:\/\/schema.org\",\"@type\":\"FAQPage\",\"mainEntity\":[{\"@type\":\"Question\",\"name\":\"Comment choisir des meubles adaptu00e9s u00e0 mon style ?\",\"acceptedAnswer\":{\"@type\":\"Answer\",\"text\":\"Il faut du2019abord du00e9finir vos pru00e9fu00e9rences entre design contemporain, minimalisme, ou ambiance chaleureuse, puis opter pour des collections qui allient esthu00e9tique et fonctionnalitu00e9 afin de garantir confort et harmonie.\"}},{\"@type\":\"Question\",\"name\":\"Pourquoi privilu00e9gier des meubles fabriquu00e9s localement ?\",\"acceptedAnswer\":{\"@type\":\"Answer\",\"text\":\"Les meubles produits localement offrent souvent une meilleure qualitu00e9 gru00e2ce u00e0 un contru00f4le rigoureux, ru00e9duisent lu2019impact environnemental et soutiennent lu2019u00e9conomie locale, ce qui en fait un choix durable et responsable.\"}},{\"@type\":\"Question\",\"name\":\"Comment intu00e9grer une du00e9coration tendance sans tout chambouler ?\",\"acceptedAnswer\":{\"@type\":\"Answer\",\"text\":\"La clu00e9 est du2019adopter des accessoires du00e9co marquants et des piu00e8ces phares comme un luminaire original ou un tapis design, ce qui permet du2019insuffler un nouveau style sans bouleverser lu2019ensemble du mobilier.\"}},{\"@type\":\"Question\",\"name\":\"Quelles sont les indispensables pour une chambre confortable et stylu00e9e ?\",\"acceptedAnswer\":{\"@type\":\"Answer\",\"text\":\"Investissez dans une literie de qualitu00e9, complu00e9tu00e9e par des meubles fonctionnels et design, comme des tables de chevet assorties et des rangements harmonieux, afin de cru00e9er une atmosphu00e8re apaisante et u00e9lu00e9gante.\"}}]}\n<\/script>\n<h3>Comment choisir des meubles adapt\u00e9s \u00e0 mon style ?<\/h3>\n<p>Il faut d\u2019abord d\u00e9finir vos pr\u00e9f\u00e9rences entre design contemporain, minimalisme, ou ambiance chaleureuse, puis opter pour des collections qui allient esth\u00e9tique et fonctionnalit\u00e9 afin de garantir confort et harmonie.<\/p>\n<h3>Pourquoi privil\u00e9gier des meubles fabriqu\u00e9s localement ?<\/h3>\n<p>Les meubles produits localement offrent souvent une meilleure qualit\u00e9 gr\u00e2ce \u00e0 un contr\u00f4le rigoureux, r\u00e9duisent l\u2019impact environnemental et soutiennent l\u2019\u00e9conomie locale, ce qui en fait un choix durable et responsable.<\/p>\n<h3>Comment int\u00e9grer une d\u00e9coration tendance sans tout chambouler ?<\/h3>\n<p>La cl\u00e9 est d\u2019adopter des accessoires d\u00e9co marquants et des pi\u00e8ces phares comme un luminaire original ou un tapis design, ce qui permet d\u2019insuffler un nouveau style sans bouleverser l\u2019ensemble du mobilier.<\/p>\n<h3>Quelles sont les indispensables pour une chambre confortable et styl\u00e9e ?<\/h3>\n<p>Investissez dans une literie de qualit\u00e9, compl\u00e9t\u00e9e par des meubles fonctionnels et design, comme des tables de chevet assorties et des rangements harmonieux, afin de cr\u00e9er une atmosph\u00e8re apaisante et \u00e9l\u00e9gante.<\/p>\n\n","protected":false},"excerpt":{"rendered":"<p>Vous pensez renouer avec l\u2019ennui d\u00e8s que vous franchissez le seuil de votre int\u00e9rieur ? D\u00e9trompez-vous, 2026 promet un v\u00e9ritable coup de balai dans l\u2019ordinaire avec les derni\u00e8res tendances en mobilier et d\u00e9coration. Votre maison n\u2019est plus un simple lieu de vie, mais une sc\u00e8ne o\u00f9 s\u2019exprime un design int\u00e9rieur audacieux, une qu\u00eate de confort [&hellip;]<\/p>\n","protected":false},"author":1,"featured_media":9,"comment_status":"open","ping_status":"open","sticky":false,"template":"","format":"standard","meta":{"footnotes":""},"categories":[1],"tags":[],"class_list":["post-11","post","type-post","status-publish","format-standard","has-post-thumbnail","hentry","category-blog"],"_links":{"self":[{"href":"https:\/\/tourneradroite.fr\/mag\/wp-json\/wp\/v2\/posts\/11","targetHints":{"allow":["GET"]}}],"collection":[{"href":"https:\/\/tourneradroite.fr\/mag\/wp-json\/wp\/v2\/posts"}],"about":[{"href":"https:\/\/tourneradroite.fr\/mag\/wp-json\/wp\/v2\/types\/post"}],"author":[{"embeddable":true,"href":"https:\/\/tourneradroite.fr\/mag\/wp-json\/wp\/v2\/users\/1"}],"replies":[{"embeddable":true,"href":"https:\/\/tourneradroite.fr\/mag\/wp-json\/wp\/v2\/comments?post=11"}],"version-history":[{"count":0,"href":"https:\/\/tourneradroite.fr\/mag\/wp-json\/wp\/v2\/posts\/11\/revisions"}],"wp:featuredmedia":[{"embeddable":true,"href":"https:\/\/tourneradroite.fr\/mag\/wp-json\/wp\/v2\/media\/9"}],"wp:attachment":[{"href":"https:\/\/tourneradroite.fr\/mag\/wp-json\/wp\/v2\/media?parent=11"}],"wp:term":[{"taxonomy":"category","embeddable":true,"href":"https:\/\/tourneradroite.fr\/mag\/wp-json\/wp\/v2\/categories?post=11"},{"taxonomy":"post_tag","embeddable":true,"href":"https:\/\/tourneradroite.fr\/mag\/wp-json\/wp\/v2\/tags?post=11"}],"curies":[{"name":"wp","href":"https:\/\/api.w.org\/{rel}","templated":true}]}}