{"id":22,"date":"2026-09-01T20:11:43","date_gmt":"2026-09-01T20:11:43","guid":{"rendered":"https:\/\/tourneradroite.fr\/mag\/?p=22"},"modified":"2026-09-01T20:11:43","modified_gmt":"2026-09-01T20:11:43","slug":"siege-auto-bebe-normes-installation-depart-maternite","status":"publish","type":"post","link":"https:\/\/tourneradroite.fr\/mag\/siege-auto-bebe-normes-installation-depart-maternite\/","title":{"rendered":"Si\u00e8ge auto b\u00e9b\u00e9 : normes, installation et d\u00e9part \u00e0 la maternit\u00e9"},"content":{"rendered":"<h1>Si\u00e8ge auto b\u00e9b\u00e9 : bien le choisir, bien l&rsquo;installer, bien partir le jour J<\/h1>\n<p>Choisir un si\u00e8ge auto ne se r\u00e9sume pas \u00e0 cocher une case avant la sortie de maternit\u00e9. Entre les normes qui ont chang\u00e9, l&rsquo;\u00e9cart de s\u00e9curit\u00e9 entre Isofix et ceinture, et le jour o\u00f9 il faudra vraiment prendre la route, quelques rep\u00e8res simples \u00e9vitent l&rsquo;improvisation. Voici ce qu&rsquo;il faut savoir pour installer le bon si\u00e8ge et partir sereinement le moment venu.<\/p>\n<h3>i-Size (R129) : la norme qui a chang\u00e9 la donne<\/h3>\n<p>Depuis quelques ann\u00e9es, l&rsquo;ancienne norme ECE R44\/04 c\u00e8de la place au r\u00e8glement R129, plus connu sous le nom i-Size. Le changement le plus visible pour les parents : le si\u00e8ge n&rsquo;est plus class\u00e9 selon le poids de l&rsquo;enfant, mais selon sa taille.<\/p>\n<h4>Ce que change concr\u00e8tement le i-Size<\/h4>\n<p>La norme R129 impose des tests de choc lat\u00e9ral, absents de l&rsquo;ancienne norme que ne testait que les chocs frontaux. Elle g\u00e9n\u00e9ralise aussi le syst\u00e8me Isofix et rend obligatoire la position dos \u00e0 la route jusqu&rsquo;\u00e0 15 mois minimum, contre un seuil de 9 kg auparavant avec l&rsquo;ancienne norme au poids.<\/p>\n<h4>Le sort des si\u00e8ges R44<\/h4>\n<p>Depuis le 1er septembre 2024, la vente de si\u00e8ges homologu\u00e9s R44 est interdite dans l&rsquo;Union europ\u00e9enne. Leur utilisation reste toutefois autoris\u00e9e pour les versions 03 et 04, sans date d&rsquo;interdiction d&rsquo;usage fix\u00e9e \u00e0 ce jour.<\/p>\n<table>\n<tr>\n<th>Norme<\/th>\n<th>Crit\u00e8re de classement<\/th>\n<th>Tests de choc<\/th>\n<\/tr>\n<tr>\n<td>R44\/04 (ancienne)<\/td>\n<td>Poids de l&rsquo;enfant<\/td>\n<td>Frontal uniquement<\/td>\n<\/tr>\n<tr>\n<td>R129 \/ i-Size<\/td>\n<td>Taille de l&rsquo;enfant<\/td>\n<td>Frontal et lat\u00e9ral<\/td>\n<\/tr>\n<\/table>\n<h3>Les groupes i-Size, du nouveau-n\u00e9 \u00e0 l&rsquo;enfant<\/h3>\n<p>Les si\u00e8ges i-Size se r\u00e9partissent par tranche de taille, avec des \u00e9quivalences de poids et d&rsquo;\u00e2ge donn\u00e9es \u00e0 titre indicatif.<\/p>\n<ul>\n<li>Groupe 0+ i-Size : 40 \u00e0 85 cm, environ 0 \u00e0 13 kg, de la naissance \u00e0 15-18 mois \u2014 une coque l\u00e9g\u00e8re (3 \u00e0 5 kg) mais qui devient \u00e9troite vers 9-12 mois.<\/li>\n<li>Groupe 0+\/1 : 40 \u00e0 105 cm, jusqu&rsquo;\u00e0 18 kg, de la naissance \u00e0 environ 4 ans \u2014 plus lourd (10 \u00e0 16 kg) mais \u00e9vite un changement de si\u00e8ge en cours de route.<\/li>\n<li>Groupe 1 i-Size : 76 \u00e0 105 cm, 9 \u00e0 18 kg, de 9 mois \u00e0 environ 4 ans.<\/li>\n<li>Groupe 2\/3 i-Size : 100 \u00e0 150 cm, de 4 \u00e0 12 ans environ.<\/li>\n<\/ul>\n<blockquote><p>Le bon r\u00e9flexe \u00e0 l&rsquo;achat n&rsquo;est pas de viser le si\u00e8ge le plus polyvalent, mais celui dont la plage de taille couvre \u00e0 la fois la morphologie actuelle de l&rsquo;enfant et sa croissance pr\u00e9visible dans les prochains mois.<\/p><\/blockquote>\n<h3>Isofix ou ceinture : un \u00e9cart de s\u00e9curit\u00e9 qui se chiffre<\/h3>\n<p>Le mode de fixation du si\u00e8ge n&rsquo;est pas un d\u00e9tail secondaire : c&rsquo;est l&rsquo;un des facteurs qui p\u00e8se le plus sur le risque d&rsquo;erreur d&rsquo;installation, largement responsable des pertes d&rsquo;efficacit\u00e9 en cas de choc.<\/p>\n<h4>Ce que dit la comparaison Isofix \/ ceinture<\/h4>\n<p>Le syst\u00e8me Isofix repose sur deux points d&rsquo;ancrage m\u00e9talliques int\u00e9gr\u00e9s entre l&rsquo;assise et le dossier de la banquette arri\u00e8re, compl\u00e9t\u00e9s par un troisi\u00e8me point (jambe de force ou sangle Top Tether) qui emp\u00eache le si\u00e8ge de basculer vers l&rsquo;avant lors d&rsquo;un freinage d&rsquo;urgence.<\/p>\n<table>\n<tr>\n<th>Crit\u00e8re<\/th>\n<th>Isofix<\/th>\n<th>Ceinture 3 points<\/th>\n<\/tr>\n<tr>\n<td>Taux d&rsquo;erreur d&rsquo;installation<\/td>\n<td>4%<\/td>\n<td>40 \u00e0 60%<\/td>\n<\/tr>\n<tr>\n<td>Indicateurs visuels de bonne fixation<\/td>\n<td>Oui (vert\/rouge)<\/td>\n<td>Non<\/td>\n<\/tr>\n<tr>\n<td>Temps d&rsquo;installation<\/td>\n<td>Environ 30 secondes<\/td>\n<td>2 \u00e0 3 minutes<\/td>\n<\/tr>\n<tr>\n<td>Disponibilit\u00e9 sur les v\u00e9hicules<\/td>\n<td>Obligatoire depuis 2014<\/td>\n<td>Universelle<\/td>\n<\/tr>\n<\/table>\n<h3>Pourquoi la position dos \u00e0 la route reste la priorit\u00e9<\/h3>\n<p>La norme R129 impose le dos \u00e0 la route jusqu&rsquo;\u00e0 15 mois minimum, mais les experts recommandent d&rsquo;aller au-del\u00e0, jusqu&rsquo;\u00e0 4 ans (105 cm) quand le si\u00e8ge le permet.<\/p>\n<ol>\n<li>Lors d&rsquo;un choc frontal \u2014 le plus fr\u00e9quent et le plus violent \u2014 un enfant dos \u00e0 la route voit les forces de l&rsquo;impact r\u00e9parties sur l&rsquo;ensemble de son dos plut\u00f4t que concentr\u00e9es sur ses cervicales.<\/li>\n<li>Un choc frontal exerce une force environ cinq fois sup\u00e9rieure sur les cervicales compar\u00e9 \u00e0 un impact lat\u00e9ral ou arri\u00e8re, ce qui explique l&rsquo;\u00e9cart de protection observ\u00e9.<\/li>\n<li>Les \u00e9tudes cit\u00e9es par les fabricants \u00e9voquent une r\u00e9duction pouvant aller jusqu&rsquo;\u00e0 80% des blessures graves dans cette configuration, compar\u00e9 \u00e0 une installation face \u00e0 la route.<\/li>\n<\/ol>\n<h3>Cinq erreurs d&rsquo;installation qui reviennent le plus souvent<\/h3>\n<ul>\n<li>Harnais laiss\u00e9 trop l\u00e2che : pensez \u00e0 retirer le manteau d&rsquo;hiver de l&rsquo;enfant avant de l&rsquo;attacher, l&rsquo;\u00e9paisseur du tissu fausse le r\u00e9glage.<\/li>\n<li>Si\u00e8ge qui bouge de plus de 2 cm une fois fix\u00e9, lat\u00e9ralement ou d&rsquo;avant en arri\u00e8re : c&rsquo;est le signe d&rsquo;une fixation \u00e0 revoir.<\/li>\n<li>Passage en position face \u00e0 la route avant les 15 mois minimum impos\u00e9s par la norme.<\/li>\n<li>Installation face \u00e0 la route sur un si\u00e8ge passager avec airbag actif, une combinaison dangereuse en cas de d\u00e9clenchement.<\/li>\n<li>Pince de poitrine mal positionn\u00e9e : elle doit se situer au niveau des aisselles de l&rsquo;enfant, ni trop haut ni trop bas.<\/li>\n<\/ul>\n<blockquote><p>Un si\u00e8ge Isofix correctement clips\u00e9 r\u00e9duit le risque d&rsquo;erreur \u00e0 4%, contre 40 \u00e0 60% avec une ceinture 3 points \u2014 l&rsquo;\u00e9cart le plus d\u00e9terminant de tout ce chapitre.<\/p><\/blockquote>\n<h3>Installer le si\u00e8ge avant le jour J, pas le jour J<\/h3>\n<p>Une fois le si\u00e8ge choisi, mieux vaut ne pas d\u00e9couvrir son installation sous la pression du d\u00e9part \u00e0 la maternit\u00e9. Prendre le temps de le fixer, de v\u00e9rifier les indicateurs Isofix et de tester la stabilit\u00e9 quelques semaines avant le terme \u00e9vite les mauvaises surprises.<\/p>\n<h4>Le bon moment pour s&rsquo;organiser<\/h4>\n<p>Comme pour la valise de maternit\u00e9, qu&rsquo;il est recommand\u00e9 de boucler au moins un mois avant le terme puisque de nombreuses naissances surviennent avant la date pr\u00e9vue, le si\u00e8ge auto gagne \u00e0 \u00eatre install\u00e9 et v\u00e9rifi\u00e9 d\u00e8s le d\u00e9but du troisi\u00e8me trimestre. Un si\u00e8ge rest\u00e9 dans son carton jusqu&rsquo;au dernier moment est une source de stress \u00e9vitable.<\/p>\n<h4>V\u00e9rifier avant de partir<\/h4>\n<p>Avant le grand jour, un rapide contr\u00f4le du si\u00e8ge permet d&rsquo;\u00e9carter les erreurs les plus courantes : indicateur Isofix au vert, jambe de force ou Top Tether bien fix\u00e9, harnais r\u00e9gl\u00e9 sans manteau \u00e9pais, et absence de mouvement de plus de 2 cm une fois le si\u00e8ge en place.<\/p>\n<h3>Le trajet vers la maternit\u00e9 : ce qui compte dans la voiture<\/h3>\n<p>Le si\u00e8ge auto n&rsquo;est qu&rsquo;une pi\u00e8ce du puzzle. La valise, les documents et le bon timing de d\u00e9part font aussi partie de la pr\u00e9paration.<\/p>\n<ul>\n<li>Documents m\u00e9dicaux \u00e0 port\u00e9e de main : dossier de maternit\u00e9, \u00e9chographies, pi\u00e8ce d&rsquo;identit\u00e9, carte vitale.<\/li>\n<li>Valise boucl\u00e9e et accessible dans le coffre, pas enfouie sous d&rsquo;autres affaires.<\/li>\n<li>T\u00e9l\u00e9phone charg\u00e9 et itin\u00e9raire vers la maternit\u00e9 d\u00e9j\u00e0 rep\u00e9r\u00e9, y compris un trajet alternatif en cas d&#8217;embouteillage.<\/li>\n<li>Un point souvent sous-estim\u00e9 : savoir reconna\u00eetre le bon moment pour partir, ni trop t\u00f4t ni trop tard.<\/li>\n<\/ul>\n<p>Sur ce dernier point, le <a href=\"https:\/\/monptithetre.fr\/compteur-contractions\/\">Compteur de contractions<\/a> aide \u00e0 suivre la fr\u00e9quence et la dur\u00e9e des contractions en temps r\u00e9el, pour identifier plus sereinement le moment o\u00f9 prendre la route vers la maternit\u00e9.<\/p>\n<table>\n<tr>\n<th>\u00c0 v\u00e9rifier avant le d\u00e9part<\/th>\n<th>Pourquoi<\/th>\n<\/tr>\n<tr>\n<td>Indicateur Isofix au vert<\/td>\n<td>Confirme une fixation correcte du si\u00e8ge<\/td>\n<\/tr>\n<tr>\n<td>Itin\u00e9raire et trajet alternatif rep\u00e9r\u00e9s<\/td>\n<td>\u00c9vite le stress d&rsquo;un impr\u00e9vu de circulation<\/td>\n<\/tr>\n<tr>\n<td>Suivi des contractions<\/td>\n<td>D\u00e9termine le bon moment pour prendre la route<\/td>\n<\/tr>\n<\/table>\n<blockquote><p>Un si\u00e8ge auto test\u00e9 \u00e0 l&rsquo;avance et un trajet d\u00e9j\u00e0 rep\u00e9r\u00e9 retirent une bonne partie du stress du grand d\u00e9part \u2014 il ne reste alors qu&rsquo;\u00e0 surveiller le bon moment pour prendre la route.<\/p>\n<h2>La voiture pr\u00eate bien avant que \u00e7a compte vraiment<\/h2>\n<p>Le bon si\u00e8ge auto n&rsquo;est pas forc\u00e9ment le plus cher, mais celui dont la plage de taille correspond \u00e0 l&rsquo;enfant et qui se fixe en Isofix sans faux mouvement. Install\u00e9 et v\u00e9rifi\u00e9 d\u00e8s le troisi\u00e8me trimestre, il ne reste alors qu&rsquo;\u00e0 pr\u00e9parer le reste : documents, valise accessible, itin\u00e9raire rep\u00e9r\u00e9. Le jour o\u00f9 les contractions se rapprochent, la voiture est d\u00e9j\u00e0 pr\u00eate \u2014 il ne reste plus qu&rsquo;\u00e0 surveiller le bon moment pour partir.<\/p>\n","protected":false},"excerpt":{"rendered":"<p>Si\u00e8ge auto b\u00e9b\u00e9 : bien le choisir, bien l&rsquo;installer, bien partir le jour J Choisir un si\u00e8ge auto ne se r\u00e9sume pas \u00e0 cocher une case avant la sortie de maternit\u00e9. Entre les normes qui ont chang\u00e9, l&rsquo;\u00e9cart de s\u00e9curit\u00e9 entre Isofix et ceinture, et le jour o\u00f9 il faudra vraiment prendre la route, quelques [&hellip;]<\/p>\n","protected":false},"author":1,"featured_media":0,"comment_status":"open","ping_status":"open","sticky":false,"template":"","format":"standard","meta":{"footnotes":""},"categories":[1],"tags":[],"class_list":["post-22","post","type-post","status-publish","format-standard","hentry","category-blog"],"_links":{"self":[{"href":"https:\/\/tourneradroite.fr\/mag\/wp-json\/wp\/v2\/posts\/22","targetHints":{"allow":["GET"]}}],"collection":[{"href":"https:\/\/tourneradroite.fr\/mag\/wp-json\/wp\/v2\/posts"}],"about":[{"href":"https:\/\/tourneradroite.fr\/mag\/wp-json\/wp\/v2\/types\/post"}],"author":[{"embeddable":true,"href":"https:\/\/tourneradroite.fr\/mag\/wp-json\/wp\/v2\/users\/1"}],"replies":[{"embeddable":true,"href":"https:\/\/tourneradroite.fr\/mag\/wp-json\/wp\/v2\/comments?post=22"}],"version-history":[{"count":1,"href":"https:\/\/tourneradroite.fr\/mag\/wp-json\/wp\/v2\/posts\/22\/revisions"}],"predecessor-version":[{"id":24,"href":"https:\/\/tourneradroite.fr\/mag\/wp-json\/wp\/v2\/posts\/22\/revisions\/24"}],"wp:attachment":[{"href":"https:\/\/tourneradroite.fr\/mag\/wp-json\/wp\/v2\/media?parent=22"}],"wp:term":[{"taxonomy":"category","embeddable":true,"href":"https:\/\/tourneradroite.fr\/mag\/wp-json\/wp\/v2\/categories?post=22"},{"taxonomy":"post_tag","embeddable":true,"href":"https:\/\/tourneradroite.fr\/mag\/wp-json\/wp\/v2\/tags?post=22"}],"curies":[{"name":"wp","href":"https:\/\/api.w.org\/{rel}","templated":true}]}}